{"id":120,"date":"2023-01-03T10:46:47","date_gmt":"2023-01-03T09:46:47","guid":{"rendered":"https:\/\/mittau-solar.de\/blog\/?p=120"},"modified":"2023-01-06T13:54:50","modified_gmt":"2023-01-06T12:54:50","slug":"dach-verpachten-solar","status":"publish","type":"post","link":"https:\/\/mittau-solar.de\/blog\/dach-verpachten-solar\/","title":{"rendered":"Dach verpachten Solar &#8211; ein lukratives Zukunftsmodell"},"content":{"rendered":"\n<p><strong>Dach verpachten Solar<\/strong>: Wenn es um das Thema Energie geht, wird das Dach meist bez\u00fcglich seiner D\u00e4mmung unter die Lupe genommen, denn erst das solide ged\u00e4mmte Dach bewahrt W\u00e4rme und sch\u00fctzt vor energetischen Verlusten. Doch unsere D\u00e4cher k\u00f6nnen viel mehr. Als potenzieller Installationsort von Photovoltaikanlagen haben sie einen wichtigen Anteil an der Erfolgsgeschichte der Solarenergie. Eigent\u00fcmer von Immobilien haben in diesem Zusammenhang zwei Optionen: Sie nutzen entweder die PV selbst oder verpachten ihr\u00a0Dach an Investoren, um \u00fcber die Pacht Einnahmen aus der Solarenergie zu generieren. Wir von Mittau Solar sind f\u00fcr beide L\u00f6sungen ein zuverl\u00e4ssiger Partner. Das Dach f\u00fcr PV-Anlagen zu verpachten ist durchaus ein lukratives Zukunftsmodell!<\/p>\n\n\n\n<h2 class=\"wp-block-heading\">Perfekt aus der Energiekrise: PV-anlagen auf die D\u00e4cher!<\/h2>\n\n\n\n<p>Die politischen Unw\u00e4gbarkeiten f\u00fchren vor Augen, wie fragil die Energieversorgung als zivilisatorische Lebens- und Produktionsgrundlage ist und wie schnell kurzfristige Ver\u00e4nderungen in der politischen Hemisph\u00e4re alte Gewissheiten beseitigen und unser Vertrauen auf die Verf\u00fcgbarkeit von Energie und eine stabile Preislage ersch\u00fcttern. Durch eine eigene Solaranlage hingegen haben Eigent\u00fcmer von Immobilien die wertvolle M\u00f6glichkeit, sich von diesen Risiken unabh\u00e4ngig zu machen. Durch die professionell projektierte PV-Anlage auf dem Dach von privat oder gewerblich genutzten Geb\u00e4uden werden Hausbesitzer zu ihrem eigenen Stromproduzenten. Mit einer Solaranlage auf dem Dach kommen Sie perfekt aus der Energiekrise. Darum empfehlen wir damals wie heute: Solaranlage aufs Dach!<\/p>\n\n\n\n<h3 class=\"wp-block-heading\">Als Sonnenstrom-Produzent erfolgreich werden<\/h3>\n\n\n\n<p>Selbst umweltfreundlichen Solarstrom zu erzeugen oder das&nbsp;Dach zu verpachten und Solar&nbsp;als Businessmodell zu praktizieren, lohnt sich beides. Der hergestellte Solarstrom kann entweder f\u00fcr den Eigenbedarf genutzt werden oder gegen eine attraktive Verg\u00fctung in das \u00f6ffentliche Netz der Stromversorgung eingespeist werden. Jede dieser Varianten ist unkompliziert, lukrativ und nat\u00fcrlich ein wertvoller Beitrag, um zu einer unabh\u00e4ngigeren, regenerativen und damit nie versiegenden Energiegewinnung beizutragen. Entscheidend ist aber, dass die Solaranlage durch Experten geplant, gebaut und regelm\u00e4\u00dfig gewartet wird. Dies schafft beste Voraussetzungen, um die Ertr\u00e4ge erfreulich zu optimieren.<\/p>\n\n\n<div class=\"wp-block-image\">\n<figure class=\"aligncenter size-full\"><img loading=\"lazy\" decoding=\"async\" width=\"500\" height=\"374\" src=\"https:\/\/mittau-solar.de\/blog\/wp-content\/uploads\/2023\/01\/Dach-verpachten-Solar.jpg\" alt=\"Dach verpachten Solar\" class=\"wp-image-121\" title=\"Dach verpachten Solar\" srcset=\"https:\/\/mittau-solar.de\/blog\/wp-content\/uploads\/2023\/01\/Dach-verpachten-Solar.jpg 500w, https:\/\/mittau-solar.de\/blog\/wp-content\/uploads\/2023\/01\/Dach-verpachten-Solar-300x224.jpg 300w\" sizes=\"auto, (max-width: 500px) 100vw, 500px\" \/><figcaption class=\"wp-element-caption\">Quelle: Unsplash.com<\/figcaption><\/figure>\n<\/div>\n\n\n<h4 class=\"wp-block-heading\">Die smarte Option: Dach verpachten, Solar unterst\u00fctzen &amp; Kapital erwirtschaften<\/h4>\n\n\n\n<p>Es gibt nat\u00fcrlich auch Immobilienbesitzer, denen Zeit oder Geld fehlt, um die eigenen Dachfl\u00e4chen f\u00fcr die Photovoltaik zu ert\u00fcchtigen und den Solarstrom selbst herzustellen beziehungsweise nach Ma\u00df zu verwerten. Wir von Mittau Solar bieten solchen Eigent\u00fcmern eine strategisch kluge und \u00f6kologisch nachhaltige Alternative an: Indem Sie einfach Ihr&nbsp;Dach verpachten schaffen Sie sich die eigenen Solar-Einnahmen. Durch das Verpachten des Daches erhalten die Besitzer der Immobilie entweder einen Einmalbetrag oder einen monatlich fixen Betrag und machen dadurch das Dach zur attraktiven Einnahmequelle. Ein substantieller Vorteil besteht nicht zuletzt darin, dass der Besitzer f\u00fcr die fachgerechte Planung, optimale Berechnung und Installation der Solaranlage keinerlei Aufwand tr\u00e4gt.<\/p>\n\n\n\n<h5 class=\"wp-block-heading\">Dach- und Photovoltaik projekte nach Ma\u00df<\/h5>\n\n\n\n<p>Jedes Dach ist anders. Die Bed\u00fcrfnisse jedes Eigent\u00fcmers sind anders. Wir von <a href=\"https:\/\/bit.ly\/Mittau-Solar\">Mittau Solar<\/a> haben den Anspruch, ma\u00dfgeschneiderte und somit bedarfsgerechte Dachkonzepte zu entwickeln. Die eigene Solaranlage, die den Eigenbedarf abdeckt und Mehrertr\u00e4ge gegen Einspeiseverg\u00fctung wertvoll gestaltet. Das Dach verpachten und Solarmodule installieren lassen, um eine Einmalpacht oder regelm\u00e4\u00dfige Pachtertr\u00e4ge zu erzielen und die Energiewende zu unterst\u00fctzen. Oder nat\u00fcrlich die klassische Dachsanierung, die dem Energiesparen dient. Selbstverst\u00e4ndlich lassen sich diese M\u00f6glichkeiten auch zusammenbringen, sodass der Eigent\u00fcmer optimal profitiert. Der Start des idealen Dachprojekts beginnt hier: Beratung durch den erfahrenen Experten.<\/p>\n\n\n\n<h6 class=\"wp-block-heading\"><strong>Jetzt Termin vereinbaren<\/strong><\/h6>\n\n\n\n<p>Dach verpachten und Solar&nbsp;unterst\u00fctzen \u2013 diese Kombination ist empfehlenswert. Wir laden zur kostenfreien und <a href=\"https:\/\/mittau-solar.de\/#Kontakt\">unverbindlichen Expertenberatung<\/a> ein!<\/p>\n","protected":false},"excerpt":{"rendered":"<p>Dach verpachten Solar: Wenn es um das Thema Energie geht, wird das Dach meist bez\u00fcglich seiner D\u00e4mmung unter die Lupe genommen, denn erst das solide ged\u00e4mmte Dach bewahrt W\u00e4rme und sch\u00fctzt vor energetischen Verlusten. Doch unsere D\u00e4cher k\u00f6nnen viel mehr. Als potenzieller Installationsort von Photovoltaikanlagen haben sie einen wichtigen Anteil an der Erfolgsgeschichte der Solarenergie. [&hellip;]<\/p>\n","protected":false},"author":2,"featured_media":121,"comment_status":"closed","ping_status":"closed","sticky":false,"template":"","format":"standard","meta":{"footnotes":""},"categories":[1],"tags":[],"class_list":["post-120","post","type-post","status-publish","format-standard","has-post-thumbnail","hentry","category-allgemein"],"yoast_head":"<!-- This site is optimized with the Yoast SEO plugin v27.5 - https:\/\/yoast.com\/product\/yoast-seo-wordpress\/ -->\n<title>Dach verpachten Solar - ein lukratives Zukunftsmodell<\/title>\n<meta name=\"description\" content=\"Dach verpachten Solar: Als potenzieller Installationsort von Photovoltaikanlagen haben D\u00e4cher einen wichtigen Anteil an der ...\" \/>\n<meta name=\"robots\" content=\"index, follow, max-snippet:-1, max-image-preview:large, max-video-preview:-1\" \/>\n<link rel=\"canonical\" href=\"https:\/\/mittau-solar.de\/blog\/dach-verpachten-solar\/\" \/>\n<meta property=\"og:locale\" content=\"de_DE\" \/>\n<meta property=\"og:type\" content=\"article\" \/>\n<meta property=\"og:title\" content=\"Dach verpachten Solar - ein lukratives Zukunftsmodell\" \/>\n<meta property=\"og:description\" content=\"Dach verpachten Solar: Als potenzieller Installationsort von Photovoltaikanlagen haben D\u00e4cher einen wichtigen Anteil an der ...\" \/>\n<meta property=\"og:url\" content=\"https:\/\/mittau-solar.de\/blog\/dach-verpachten-solar\/\" \/>\n<meta property=\"og:site_name\" content=\"Mittau Solar Dresden Blog\" \/>\n<meta property=\"article:published_time\" content=\"2023-01-03T09:46:47+00:00\" \/>\n<meta property=\"article:modified_time\" content=\"2023-01-06T12:54:50+00:00\" \/>\n<meta property=\"og:image\" content=\"https:\/\/mittau-solar.de\/blog\/wp-content\/uploads\/2023\/01\/Dach-verpachten-Solar.jpg\" \/>\n\t<meta property=\"og:image:width\" content=\"500\" \/>\n\t<meta property=\"og:image:height\" content=\"374\" \/>\n\t<meta property=\"og:image:type\" content=\"image\/jpeg\" \/>\n<meta name=\"author\" content=\"admin\" \/>\n<meta name=\"twitter:card\" content=\"summary_large_image\" \/>\n<meta name=\"twitter:label1\" content=\"Verfasst von\" \/>\n\t<meta name=\"twitter:data1\" content=\"admin\" \/>\n\t<meta name=\"twitter:label2\" content=\"Gesch\u00e4tzte Lesezeit\" \/>\n\t<meta name=\"twitter:data2\" content=\"4\u00a0Minuten\" \/>\n<script type=\"application\/ld+json\" class=\"yoast-schema-graph\">{\"@context\":\"https:\\\/\\\/schema.org\",\"@graph\":[{\"@type\":\"Article\",\"@id\":\"https:\\\/\\\/mittau-solar.de\\\/blog\\\/dach-verpachten-solar\\\/#article\",\"isPartOf\":{\"@id\":\"https:\\\/\\\/mittau-solar.de\\\/blog\\\/dach-verpachten-solar\\\/\"},\"author\":{\"name\":\"admin\",\"@id\":\"https:\\\/\\\/mittau-solar.de\\\/blog\\\/#\\\/schema\\\/person\\\/107562af9961e6c353a58b723750cd3d\"},\"headline\":\"Dach verpachten Solar &#8211; ein lukratives Zukunftsmodell\",\"datePublished\":\"2023-01-03T09:46:47+00:00\",\"dateModified\":\"2023-01-06T12:54:50+00:00\",\"mainEntityOfPage\":{\"@id\":\"https:\\\/\\\/mittau-solar.de\\\/blog\\\/dach-verpachten-solar\\\/\"},\"wordCount\":604,\"image\":{\"@id\":\"https:\\\/\\\/mittau-solar.de\\\/blog\\\/dach-verpachten-solar\\\/#primaryimage\"},\"thumbnailUrl\":\"https:\\\/\\\/mittau-solar.de\\\/blog\\\/wp-content\\\/uploads\\\/2023\\\/01\\\/Dach-verpachten-Solar.jpg\",\"inLanguage\":\"de\"},{\"@type\":\"WebPage\",\"@id\":\"https:\\\/\\\/mittau-solar.de\\\/blog\\\/dach-verpachten-solar\\\/\",\"url\":\"https:\\\/\\\/mittau-solar.de\\\/blog\\\/dach-verpachten-solar\\\/\",\"name\":\"Dach verpachten Solar - ein lukratives Zukunftsmodell\",\"isPartOf\":{\"@id\":\"https:\\\/\\\/mittau-solar.de\\\/blog\\\/#website\"},\"primaryImageOfPage\":{\"@id\":\"https:\\\/\\\/mittau-solar.de\\\/blog\\\/dach-verpachten-solar\\\/#primaryimage\"},\"image\":{\"@id\":\"https:\\\/\\\/mittau-solar.de\\\/blog\\\/dach-verpachten-solar\\\/#primaryimage\"},\"thumbnailUrl\":\"https:\\\/\\\/mittau-solar.de\\\/blog\\\/wp-content\\\/uploads\\\/2023\\\/01\\\/Dach-verpachten-Solar.jpg\",\"datePublished\":\"2023-01-03T09:46:47+00:00\",\"dateModified\":\"2023-01-06T12:54:50+00:00\",\"author\":{\"@id\":\"https:\\\/\\\/mittau-solar.de\\\/blog\\\/#\\\/schema\\\/person\\\/107562af9961e6c353a58b723750cd3d\"},\"description\":\"Dach verpachten Solar: Als potenzieller Installationsort von Photovoltaikanlagen haben D\u00e4cher einen wichtigen Anteil an der ...\",\"breadcrumb\":{\"@id\":\"https:\\\/\\\/mittau-solar.de\\\/blog\\\/dach-verpachten-solar\\\/#breadcrumb\"},\"inLanguage\":\"de\",\"potentialAction\":[{\"@type\":\"ReadAction\",\"target\":[\"https:\\\/\\\/mittau-solar.de\\\/blog\\\/dach-verpachten-solar\\\/\"]}]},{\"@type\":\"ImageObject\",\"inLanguage\":\"de\",\"@id\":\"https:\\\/\\\/mittau-solar.de\\\/blog\\\/dach-verpachten-solar\\\/#primaryimage\",\"url\":\"https:\\\/\\\/mittau-solar.de\\\/blog\\\/wp-content\\\/uploads\\\/2023\\\/01\\\/Dach-verpachten-Solar.jpg\",\"contentUrl\":\"https:\\\/\\\/mittau-solar.de\\\/blog\\\/wp-content\\\/uploads\\\/2023\\\/01\\\/Dach-verpachten-Solar.jpg\",\"width\":500,\"height\":374,\"caption\":\"Dach verpachten Solar\"},{\"@type\":\"BreadcrumbList\",\"@id\":\"https:\\\/\\\/mittau-solar.de\\\/blog\\\/dach-verpachten-solar\\\/#breadcrumb\",\"itemListElement\":[{\"@type\":\"ListItem\",\"position\":1,\"name\":\"Startseite\",\"item\":\"https:\\\/\\\/mittau-solar.de\\\/blog\\\/\"},{\"@type\":\"ListItem\",\"position\":2,\"name\":\"Dach verpachten Solar &#8211; ein lukratives Zukunftsmodell\"}]},{\"@type\":\"WebSite\",\"@id\":\"https:\\\/\\\/mittau-solar.de\\\/blog\\\/#website\",\"url\":\"https:\\\/\\\/mittau-solar.de\\\/blog\\\/\",\"name\":\"Mittau Solar Dresden Blog\",\"description\":\"Neuigkeiten der Solarindustrie\",\"potentialAction\":[{\"@type\":\"SearchAction\",\"target\":{\"@type\":\"EntryPoint\",\"urlTemplate\":\"https:\\\/\\\/mittau-solar.de\\\/blog\\\/?s={search_term_string}\"},\"query-input\":{\"@type\":\"PropertyValueSpecification\",\"valueRequired\":true,\"valueName\":\"search_term_string\"}}],\"inLanguage\":\"de\"},{\"@type\":\"Person\",\"@id\":\"https:\\\/\\\/mittau-solar.de\\\/blog\\\/#\\\/schema\\\/person\\\/107562af9961e6c353a58b723750cd3d\",\"name\":\"admin\",\"image\":{\"@type\":\"ImageObject\",\"inLanguage\":\"de\",\"@id\":\"https:\\\/\\\/secure.gravatar.com\\\/avatar\\\/950bc98fc01ed44cbdf7eb6a090e1e4c152ebd87561912229ff66b0453909c00?s=96&d=mm&r=g\",\"url\":\"https:\\\/\\\/secure.gravatar.com\\\/avatar\\\/950bc98fc01ed44cbdf7eb6a090e1e4c152ebd87561912229ff66b0453909c00?s=96&d=mm&r=g\",\"contentUrl\":\"https:\\\/\\\/secure.gravatar.com\\\/avatar\\\/950bc98fc01ed44cbdf7eb6a090e1e4c152ebd87561912229ff66b0453909c00?s=96&d=mm&r=g\",\"caption\":\"admin\"},\"sameAs\":[\"https:\\\/\\\/neu.mittau-solar.de\\\/neu-start\\\/blog\"],\"url\":\"https:\\\/\\\/mittau-solar.de\\\/blog\\\/author\\\/admin\\\/\"}]}<\/script>\n<!-- \/ Yoast SEO plugin. -->","yoast_head_json":{"title":"Dach verpachten Solar - ein lukratives Zukunftsmodell","description":"Dach verpachten Solar: Als potenzieller Installationsort von Photovoltaikanlagen haben D\u00e4cher einen wichtigen Anteil an der ...","robots":{"index":"index","follow":"follow","max-snippet":"max-snippet:-1","max-image-preview":"max-image-preview:large","max-video-preview":"max-video-preview:-1"},"canonical":"https:\/\/mittau-solar.de\/blog\/dach-verpachten-solar\/","og_locale":"de_DE","og_type":"article","og_title":"Dach verpachten Solar - ein lukratives Zukunftsmodell","og_description":"Dach verpachten Solar: Als potenzieller Installationsort von Photovoltaikanlagen haben D\u00e4cher einen wichtigen Anteil an der ...","og_url":"https:\/\/mittau-solar.de\/blog\/dach-verpachten-solar\/","og_site_name":"Mittau Solar Dresden Blog","article_published_time":"2023-01-03T09:46:47+00:00","article_modified_time":"2023-01-06T12:54:50+00:00","og_image":[{"width":500,"height":374,"url":"https:\/\/mittau-solar.de\/blog\/wp-content\/uploads\/2023\/01\/Dach-verpachten-Solar.jpg","type":"image\/jpeg"}],"author":"admin","twitter_card":"summary_large_image","twitter_misc":{"Verfasst von":"admin","Gesch\u00e4tzte Lesezeit":"4\u00a0Minuten"},"schema":{"@context":"https:\/\/schema.org","@graph":[{"@type":"Article","@id":"https:\/\/mittau-solar.de\/blog\/dach-verpachten-solar\/#article","isPartOf":{"@id":"https:\/\/mittau-solar.de\/blog\/dach-verpachten-solar\/"},"author":{"name":"admin","@id":"https:\/\/mittau-solar.de\/blog\/#\/schema\/person\/107562af9961e6c353a58b723750cd3d"},"headline":"Dach verpachten Solar &#8211; ein lukratives Zukunftsmodell","datePublished":"2023-01-03T09:46:47+00:00","dateModified":"2023-01-06T12:54:50+00:00","mainEntityOfPage":{"@id":"https:\/\/mittau-solar.de\/blog\/dach-verpachten-solar\/"},"wordCount":604,"image":{"@id":"https:\/\/mittau-solar.de\/blog\/dach-verpachten-solar\/#primaryimage"},"thumbnailUrl":"https:\/\/mittau-solar.de\/blog\/wp-content\/uploads\/2023\/01\/Dach-verpachten-Solar.jpg","inLanguage":"de"},{"@type":"WebPage","@id":"https:\/\/mittau-solar.de\/blog\/dach-verpachten-solar\/","url":"https:\/\/mittau-solar.de\/blog\/dach-verpachten-solar\/","name":"Dach verpachten Solar - ein lukratives Zukunftsmodell","isPartOf":{"@id":"https:\/\/mittau-solar.de\/blog\/#website"},"primaryImageOfPage":{"@id":"https:\/\/mittau-solar.de\/blog\/dach-verpachten-solar\/#primaryimage"},"image":{"@id":"https:\/\/mittau-solar.de\/blog\/dach-verpachten-solar\/#primaryimage"},"thumbnailUrl":"https:\/\/mittau-solar.de\/blog\/wp-content\/uploads\/2023\/01\/Dach-verpachten-Solar.jpg","datePublished":"2023-01-03T09:46:47+00:00","dateModified":"2023-01-06T12:54:50+00:00","author":{"@id":"https:\/\/mittau-solar.de\/blog\/#\/schema\/person\/107562af9961e6c353a58b723750cd3d"},"description":"Dach verpachten Solar: Als potenzieller Installationsort von Photovoltaikanlagen haben D\u00e4cher einen wichtigen Anteil an der ...","breadcrumb":{"@id":"https:\/\/mittau-solar.de\/blog\/dach-verpachten-solar\/#breadcrumb"},"inLanguage":"de","potentialAction":[{"@type":"ReadAction","target":["https:\/\/mittau-solar.de\/blog\/dach-verpachten-solar\/"]}]},{"@type":"ImageObject","inLanguage":"de","@id":"https:\/\/mittau-solar.de\/blog\/dach-verpachten-solar\/#primaryimage","url":"https:\/\/mittau-solar.de\/blog\/wp-content\/uploads\/2023\/01\/Dach-verpachten-Solar.jpg","contentUrl":"https:\/\/mittau-solar.de\/blog\/wp-content\/uploads\/2023\/01\/Dach-verpachten-Solar.jpg","width":500,"height":374,"caption":"Dach verpachten Solar"},{"@type":"BreadcrumbList","@id":"https:\/\/mittau-solar.de\/blog\/dach-verpachten-solar\/#breadcrumb","itemListElement":[{"@type":"ListItem","position":1,"name":"Startseite","item":"https:\/\/mittau-solar.de\/blog\/"},{"@type":"ListItem","position":2,"name":"Dach verpachten Solar &#8211; ein lukratives Zukunftsmodell"}]},{"@type":"WebSite","@id":"https:\/\/mittau-solar.de\/blog\/#website","url":"https:\/\/mittau-solar.de\/blog\/","name":"Mittau Solar Dresden Blog","description":"Neuigkeiten der Solarindustrie","potentialAction":[{"@type":"SearchAction","target":{"@type":"EntryPoint","urlTemplate":"https:\/\/mittau-solar.de\/blog\/?s={search_term_string}"},"query-input":{"@type":"PropertyValueSpecification","valueRequired":true,"valueName":"search_term_string"}}],"inLanguage":"de"},{"@type":"Person","@id":"https:\/\/mittau-solar.de\/blog\/#\/schema\/person\/107562af9961e6c353a58b723750cd3d","name":"admin","image":{"@type":"ImageObject","inLanguage":"de","@id":"https:\/\/secure.gravatar.com\/avatar\/950bc98fc01ed44cbdf7eb6a090e1e4c152ebd87561912229ff66b0453909c00?s=96&d=mm&r=g","url":"https:\/\/secure.gravatar.com\/avatar\/950bc98fc01ed44cbdf7eb6a090e1e4c152ebd87561912229ff66b0453909c00?s=96&d=mm&r=g","contentUrl":"https:\/\/secure.gravatar.com\/avatar\/950bc98fc01ed44cbdf7eb6a090e1e4c152ebd87561912229ff66b0453909c00?s=96&d=mm&r=g","caption":"admin"},"sameAs":["https:\/\/neu.mittau-solar.de\/neu-start\/blog"],"url":"https:\/\/mittau-solar.de\/blog\/author\/admin\/"}]}},"_links":{"self":[{"href":"https:\/\/mittau-solar.de\/blog\/wp-json\/wp\/v2\/posts\/120","targetHints":{"allow":["GET"]}}],"collection":[{"href":"https:\/\/mittau-solar.de\/blog\/wp-json\/wp\/v2\/posts"}],"about":[{"href":"https:\/\/mittau-solar.de\/blog\/wp-json\/wp\/v2\/types\/post"}],"author":[{"embeddable":true,"href":"https:\/\/mittau-solar.de\/blog\/wp-json\/wp\/v2\/users\/2"}],"replies":[{"embeddable":true,"href":"https:\/\/mittau-solar.de\/blog\/wp-json\/wp\/v2\/comments?post=120"}],"version-history":[{"count":8,"href":"https:\/\/mittau-solar.de\/blog\/wp-json\/wp\/v2\/posts\/120\/revisions"}],"predecessor-version":[{"id":130,"href":"https:\/\/mittau-solar.de\/blog\/wp-json\/wp\/v2\/posts\/120\/revisions\/130"}],"wp:featuredmedia":[{"embeddable":true,"href":"https:\/\/mittau-solar.de\/blog\/wp-json\/wp\/v2\/media\/121"}],"wp:attachment":[{"href":"https:\/\/mittau-solar.de\/blog\/wp-json\/wp\/v2\/media?parent=120"}],"wp:term":[{"taxonomy":"category","embeddable":true,"href":"https:\/\/mittau-solar.de\/blog\/wp-json\/wp\/v2\/categories?post=120"},{"taxonomy":"post_tag","embeddable":true,"href":"https:\/\/mittau-solar.de\/blog\/wp-json\/wp\/v2\/tags?post=120"}],"curies":[{"name":"wp","href":"https:\/\/api.w.org\/{rel}","templated":true}]}}